{"id":34128,"date":"2023-04-20T09:20:24","date_gmt":"2023-04-20T07:20:24","guid":{"rendered":"https:\/\/www.bbmpackaging.com\/rilocazione-e-avviamento-di-linea-di-imbottigliamento-vetro\/"},"modified":"2025-01-07T11:37:22","modified_gmt":"2025-01-07T10:37:22","slug":"rilocazione-e-avviamento-di-linea-di-imbottigliamento-vetro","status":"publish","type":"post","link":"https:\/\/www.bbmpackaging.com\/es\/relocalizacion-y-puesta-en-marcha-de-linea-de-embotellado-de-vidrio\/","title":{"rendered":"Relocalizaci\u00f3n y puesta en marcha de l\u00ednea de embotellado de vidrio"},"content":{"rendered":"<p><strong>Desmontaje, <a href=\"https:\/\/www.bbmpackaging.com\/es\/relocalizacion-de-maquinas-y-lineas\/\" target=\"_blank\" rel=\"noopener\">relocalizaci\u00f3n<\/a> y puesta en marcha de una l\u00ednea de embotellado de vidrio en s\u00f3lo tres semanas.<\/strong> En solo tres semanas, el equipo t\u00e9cnico de BBM Service complet\u00f3 la operaci\u00f3n en la planta de <a href=\"https:\/\/www.lissa.it\/\" target=\"_blank\" rel=\"noopener\"><strong>Fonti di Posina<\/strong><\/a>, en la provincia de Vicenza (Italia).<\/p>\n<p>&nbsp;<\/p>\n","protected":false},"excerpt":{"rendered":"<p>Desmontaje, relocalizaci\u00f3n y puesta en marcha de una l\u00ednea de embotellado de vidrio en s\u00f3lo tres semanas. En&#8230;<\/p>\n","protected":false},"author":2,"featured_media":34108,"comment_status":"closed","ping_status":"closed","sticky":false,"template":"","format":"standard","meta":{"_acf_changed":false,"footnotes":""},"categories":[4],"tags":[3429,6714],"class_list":["post-34128","post","type-post","status-publish","format-standard","has-post-thumbnail","hentry","category-noticias","tag-acqua-es","tag-service-2"],"acf":[],"yoast_head":"<!-- This site is optimized with the Yoast SEO plugin v27.2 - https:\/\/yoast.com\/product\/yoast-seo-wordpress\/ -->\n<title>Relocalizaci\u00f3n y puesta en marcha de l\u00ednea de embotellado de vidrio - BBM Packaging<\/title>\n<meta name=\"description\" content=\"Desmontaje, relocalizaci\u00f3n y puesta en marcha de una l\u00ednea de embotellado de vidrio en s\u00f3lo tres semanas. Se pidi\u00f3 a BBM que se trasladara...\" \/>\n<meta name=\"robots\" content=\"index, follow, max-snippet:-1, max-image-preview:large, max-video-preview:-1\" \/>\n<link rel=\"canonical\" href=\"https:\/\/www.bbmpackaging.com\/es\/relocalizacion-y-puesta-en-marcha-de-linea-de-embotellado-de-vidrio\/\" \/>\n<meta property=\"og:locale\" content=\"es_ES\" \/>\n<meta property=\"og:type\" content=\"article\" \/>\n<meta property=\"og:title\" content=\"Relocalizaci\u00f3n y puesta en marcha de l\u00ednea de embotellado de vidrio - BBM Packaging\" \/>\n<meta property=\"og:description\" content=\"Desmontaje, relocalizaci\u00f3n y puesta en marcha de una l\u00ednea de embotellado de vidrio en s\u00f3lo tres semanas. Se pidi\u00f3 a BBM que se trasladara...\" \/>\n<meta property=\"og:url\" content=\"https:\/\/www.bbmpackaging.com\/es\/relocalizacion-y-puesta-en-marcha-de-linea-de-embotellado-de-vidrio\/\" \/>\n<meta property=\"og:site_name\" content=\"BBM Packaging\" \/>\n<meta property=\"article:published_time\" content=\"2023-04-20T07:20:24+00:00\" \/>\n<meta property=\"article:modified_time\" content=\"2025-01-07T10:37:22+00:00\" \/>\n<meta property=\"og:image\" content=\"https:\/\/www.bbmpackaging.com\/wp-content\/uploads\/2023\/04\/Rilocazione-linea-vetro.png\" \/>\n\t<meta property=\"og:image:width\" content=\"560\" \/>\n\t<meta property=\"og:image:height\" content=\"420\" \/>\n\t<meta property=\"og:image:type\" content=\"image\/png\" \/>\n<meta name=\"author\" content=\"laura.covelli@bbmpackaging.com\" \/>\n<meta name=\"twitter:card\" content=\"summary_large_image\" \/>\n<meta name=\"twitter:label1\" content=\"Escrito por\" \/>\n\t<meta name=\"twitter:data1\" content=\"laura.covelli@bbmpackaging.com\" \/>\n\t<meta name=\"twitter:label2\" content=\"Tiempo de lectura\" \/>\n\t<meta name=\"twitter:data2\" content=\"1 minuto\" \/>\n<script type=\"application\/ld+json\" class=\"yoast-schema-graph\">{\"@context\":\"https:\/\/schema.org\",\"@graph\":[{\"@type\":\"Article\",\"@id\":\"https:\/\/www.bbmpackaging.com\/es\/relocalizacion-y-puesta-en-marcha-de-linea-de-embotellado-de-vidrio\/#article\",\"isPartOf\":{\"@id\":\"https:\/\/www.bbmpackaging.com\/es\/relocalizacion-y-puesta-en-marcha-de-linea-de-embotellado-de-vidrio\/\"},\"author\":{\"name\":\"laura.covelli@bbmpackaging.com\",\"@id\":\"https:\/\/www.bbmpackaging.com\/es\/#\/schema\/person\/eebb212853e6e3b9b8b47aea538c6209\"},\"headline\":\"Relocalizaci\u00f3n y puesta en marcha de l\u00ednea de embotellado de vidrio\",\"datePublished\":\"2023-04-20T07:20:24+00:00\",\"dateModified\":\"2025-01-07T10:37:22+00:00\",\"mainEntityOfPage\":{\"@id\":\"https:\/\/www.bbmpackaging.com\/es\/relocalizacion-y-puesta-en-marcha-de-linea-de-embotellado-de-vidrio\/\"},\"wordCount\":62,\"image\":{\"@id\":\"https:\/\/www.bbmpackaging.com\/es\/relocalizacion-y-puesta-en-marcha-de-linea-de-embotellado-de-vidrio\/#primaryimage\"},\"thumbnailUrl\":\"https:\/\/cdn.bbmpackaging.com\/wp-content\/uploads\/2023\/04\/Rilocazione-linea-vetro.png\",\"keywords\":[\"AGUA\",\"SERVICE\"],\"articleSection\":[\"Noticias\"],\"inLanguage\":\"es\"},{\"@type\":\"WebPage\",\"@id\":\"https:\/\/www.bbmpackaging.com\/es\/relocalizacion-y-puesta-en-marcha-de-linea-de-embotellado-de-vidrio\/\",\"url\":\"https:\/\/www.bbmpackaging.com\/es\/relocalizacion-y-puesta-en-marcha-de-linea-de-embotellado-de-vidrio\/\",\"name\":\"Relocalizaci\u00f3n y puesta en marcha de l\u00ednea de embotellado de vidrio - BBM Packaging\",\"isPartOf\":{\"@id\":\"https:\/\/www.bbmpackaging.com\/es\/#website\"},\"primaryImageOfPage\":{\"@id\":\"https:\/\/www.bbmpackaging.com\/es\/relocalizacion-y-puesta-en-marcha-de-linea-de-embotellado-de-vidrio\/#primaryimage\"},\"image\":{\"@id\":\"https:\/\/www.bbmpackaging.com\/es\/relocalizacion-y-puesta-en-marcha-de-linea-de-embotellado-de-vidrio\/#primaryimage\"},\"thumbnailUrl\":\"https:\/\/cdn.bbmpackaging.com\/wp-content\/uploads\/2023\/04\/Rilocazione-linea-vetro.png\",\"datePublished\":\"2023-04-20T07:20:24+00:00\",\"dateModified\":\"2025-01-07T10:37:22+00:00\",\"author\":{\"@id\":\"https:\/\/www.bbmpackaging.com\/es\/#\/schema\/person\/eebb212853e6e3b9b8b47aea538c6209\"},\"description\":\"Desmontaje, relocalizaci\u00f3n y puesta en marcha de una l\u00ednea de embotellado de vidrio en s\u00f3lo tres semanas. Se pidi\u00f3 a BBM que se trasladara...\",\"breadcrumb\":{\"@id\":\"https:\/\/www.bbmpackaging.com\/es\/relocalizacion-y-puesta-en-marcha-de-linea-de-embotellado-de-vidrio\/#breadcrumb\"},\"inLanguage\":\"es\",\"potentialAction\":[{\"@type\":\"ReadAction\",\"target\":[\"https:\/\/www.bbmpackaging.com\/es\/relocalizacion-y-puesta-en-marcha-de-linea-de-embotellado-de-vidrio\/\"]}]},{\"@type\":\"ImageObject\",\"inLanguage\":\"es\",\"@id\":\"https:\/\/www.bbmpackaging.com\/es\/relocalizacion-y-puesta-en-marcha-de-linea-de-embotellado-de-vidrio\/#primaryimage\",\"url\":\"https:\/\/cdn.bbmpackaging.com\/wp-content\/uploads\/2023\/04\/Rilocazione-linea-vetro.png\",\"contentUrl\":\"https:\/\/cdn.bbmpackaging.com\/wp-content\/uploads\/2023\/04\/Rilocazione-linea-vetro.png\",\"width\":560,\"height\":420,\"caption\":\"Rilocazione linea vetro\"},{\"@type\":\"BreadcrumbList\",\"@id\":\"https:\/\/www.bbmpackaging.com\/es\/relocalizacion-y-puesta-en-marcha-de-linea-de-embotellado-de-vidrio\/#breadcrumb\",\"itemListElement\":[{\"@type\":\"ListItem\",\"position\":1,\"name\":\"Home\",\"item\":\"https:\/\/www.bbmpackaging.com\/es\/\"},{\"@type\":\"ListItem\",\"position\":2,\"name\":\"Relocalizaci\u00f3n y puesta en marcha de l\u00ednea de embotellado de vidrio\"}]},{\"@type\":\"WebSite\",\"@id\":\"https:\/\/www.bbmpackaging.com\/es\/#website\",\"url\":\"https:\/\/www.bbmpackaging.com\/es\/\",\"name\":\"BBM Packaging\",\"description\":\"Imbottigliamento: macchinari manutenzione e much more\",\"potentialAction\":[{\"@type\":\"SearchAction\",\"target\":{\"@type\":\"EntryPoint\",\"urlTemplate\":\"https:\/\/www.bbmpackaging.com\/es\/?s={search_term_string}\"},\"query-input\":{\"@type\":\"PropertyValueSpecification\",\"valueRequired\":true,\"valueName\":\"search_term_string\"}}],\"inLanguage\":\"es\"},{\"@type\":\"Person\",\"@id\":\"https:\/\/www.bbmpackaging.com\/es\/#\/schema\/person\/eebb212853e6e3b9b8b47aea538c6209\",\"name\":\"laura.covelli@bbmpackaging.com\",\"url\":\"https:\/\/www.bbmpackaging.com\/es\/author\/laura-cavagna\/\"}]}<\/script>\n<!-- \/ Yoast SEO plugin. -->","yoast_head_json":{"title":"Relocalizaci\u00f3n y puesta en marcha de l\u00ednea de embotellado de vidrio - BBM Packaging","description":"Desmontaje, relocalizaci\u00f3n y puesta en marcha de una l\u00ednea de embotellado de vidrio en s\u00f3lo tres semanas. Se pidi\u00f3 a BBM que se trasladara...","robots":{"index":"index","follow":"follow","max-snippet":"max-snippet:-1","max-image-preview":"max-image-preview:large","max-video-preview":"max-video-preview:-1"},"canonical":"https:\/\/www.bbmpackaging.com\/es\/relocalizacion-y-puesta-en-marcha-de-linea-de-embotellado-de-vidrio\/","og_locale":"es_ES","og_type":"article","og_title":"Relocalizaci\u00f3n y puesta en marcha de l\u00ednea de embotellado de vidrio - BBM Packaging","og_description":"Desmontaje, relocalizaci\u00f3n y puesta en marcha de una l\u00ednea de embotellado de vidrio en s\u00f3lo tres semanas. Se pidi\u00f3 a BBM que se trasladara...","og_url":"https:\/\/www.bbmpackaging.com\/es\/relocalizacion-y-puesta-en-marcha-de-linea-de-embotellado-de-vidrio\/","og_site_name":"BBM Packaging","article_published_time":"2023-04-20T07:20:24+00:00","article_modified_time":"2025-01-07T10:37:22+00:00","og_image":[{"width":560,"height":420,"url":"https:\/\/www.bbmpackaging.com\/wp-content\/uploads\/2023\/04\/Rilocazione-linea-vetro.png","type":"image\/png"}],"author":"laura.covelli@bbmpackaging.com","twitter_card":"summary_large_image","twitter_misc":{"Escrito por":"laura.covelli@bbmpackaging.com","Tiempo de lectura":"1 minuto"},"schema":{"@context":"https:\/\/schema.org","@graph":[{"@type":"Article","@id":"https:\/\/www.bbmpackaging.com\/es\/relocalizacion-y-puesta-en-marcha-de-linea-de-embotellado-de-vidrio\/#article","isPartOf":{"@id":"https:\/\/www.bbmpackaging.com\/es\/relocalizacion-y-puesta-en-marcha-de-linea-de-embotellado-de-vidrio\/"},"author":{"name":"laura.covelli@bbmpackaging.com","@id":"https:\/\/www.bbmpackaging.com\/es\/#\/schema\/person\/eebb212853e6e3b9b8b47aea538c6209"},"headline":"Relocalizaci\u00f3n y puesta en marcha de l\u00ednea de embotellado de vidrio","datePublished":"2023-04-20T07:20:24+00:00","dateModified":"2025-01-07T10:37:22+00:00","mainEntityOfPage":{"@id":"https:\/\/www.bbmpackaging.com\/es\/relocalizacion-y-puesta-en-marcha-de-linea-de-embotellado-de-vidrio\/"},"wordCount":62,"image":{"@id":"https:\/\/www.bbmpackaging.com\/es\/relocalizacion-y-puesta-en-marcha-de-linea-de-embotellado-de-vidrio\/#primaryimage"},"thumbnailUrl":"https:\/\/cdn.bbmpackaging.com\/wp-content\/uploads\/2023\/04\/Rilocazione-linea-vetro.png","keywords":["AGUA","SERVICE"],"articleSection":["Noticias"],"inLanguage":"es"},{"@type":"WebPage","@id":"https:\/\/www.bbmpackaging.com\/es\/relocalizacion-y-puesta-en-marcha-de-linea-de-embotellado-de-vidrio\/","url":"https:\/\/www.bbmpackaging.com\/es\/relocalizacion-y-puesta-en-marcha-de-linea-de-embotellado-de-vidrio\/","name":"Relocalizaci\u00f3n y puesta en marcha de l\u00ednea de embotellado de vidrio - BBM Packaging","isPartOf":{"@id":"https:\/\/www.bbmpackaging.com\/es\/#website"},"primaryImageOfPage":{"@id":"https:\/\/www.bbmpackaging.com\/es\/relocalizacion-y-puesta-en-marcha-de-linea-de-embotellado-de-vidrio\/#primaryimage"},"image":{"@id":"https:\/\/www.bbmpackaging.com\/es\/relocalizacion-y-puesta-en-marcha-de-linea-de-embotellado-de-vidrio\/#primaryimage"},"thumbnailUrl":"https:\/\/cdn.bbmpackaging.com\/wp-content\/uploads\/2023\/04\/Rilocazione-linea-vetro.png","datePublished":"2023-04-20T07:20:24+00:00","dateModified":"2025-01-07T10:37:22+00:00","author":{"@id":"https:\/\/www.bbmpackaging.com\/es\/#\/schema\/person\/eebb212853e6e3b9b8b47aea538c6209"},"description":"Desmontaje, relocalizaci\u00f3n y puesta en marcha de una l\u00ednea de embotellado de vidrio en s\u00f3lo tres semanas. Se pidi\u00f3 a BBM que se trasladara...","breadcrumb":{"@id":"https:\/\/www.bbmpackaging.com\/es\/relocalizacion-y-puesta-en-marcha-de-linea-de-embotellado-de-vidrio\/#breadcrumb"},"inLanguage":"es","potentialAction":[{"@type":"ReadAction","target":["https:\/\/www.bbmpackaging.com\/es\/relocalizacion-y-puesta-en-marcha-de-linea-de-embotellado-de-vidrio\/"]}]},{"@type":"ImageObject","inLanguage":"es","@id":"https:\/\/www.bbmpackaging.com\/es\/relocalizacion-y-puesta-en-marcha-de-linea-de-embotellado-de-vidrio\/#primaryimage","url":"https:\/\/cdn.bbmpackaging.com\/wp-content\/uploads\/2023\/04\/Rilocazione-linea-vetro.png","contentUrl":"https:\/\/cdn.bbmpackaging.com\/wp-content\/uploads\/2023\/04\/Rilocazione-linea-vetro.png","width":560,"height":420,"caption":"Rilocazione linea vetro"},{"@type":"BreadcrumbList","@id":"https:\/\/www.bbmpackaging.com\/es\/relocalizacion-y-puesta-en-marcha-de-linea-de-embotellado-de-vidrio\/#breadcrumb","itemListElement":[{"@type":"ListItem","position":1,"name":"Home","item":"https:\/\/www.bbmpackaging.com\/es\/"},{"@type":"ListItem","position":2,"name":"Relocalizaci\u00f3n y puesta en marcha de l\u00ednea de embotellado de vidrio"}]},{"@type":"WebSite","@id":"https:\/\/www.bbmpackaging.com\/es\/#website","url":"https:\/\/www.bbmpackaging.com\/es\/","name":"BBM Packaging","description":"Imbottigliamento: macchinari manutenzione e much more","potentialAction":[{"@type":"SearchAction","target":{"@type":"EntryPoint","urlTemplate":"https:\/\/www.bbmpackaging.com\/es\/?s={search_term_string}"},"query-input":{"@type":"PropertyValueSpecification","valueRequired":true,"valueName":"search_term_string"}}],"inLanguage":"es"},{"@type":"Person","@id":"https:\/\/www.bbmpackaging.com\/es\/#\/schema\/person\/eebb212853e6e3b9b8b47aea538c6209","name":"laura.covelli@bbmpackaging.com","url":"https:\/\/www.bbmpackaging.com\/es\/author\/laura-cavagna\/"}]}},"_links":{"self":[{"href":"https:\/\/www.bbmpackaging.com\/es\/wp-json\/wp\/v2\/posts\/34128","targetHints":{"allow":["GET"]}}],"collection":[{"href":"https:\/\/www.bbmpackaging.com\/es\/wp-json\/wp\/v2\/posts"}],"about":[{"href":"https:\/\/www.bbmpackaging.com\/es\/wp-json\/wp\/v2\/types\/post"}],"author":[{"embeddable":true,"href":"https:\/\/www.bbmpackaging.com\/es\/wp-json\/wp\/v2\/users\/2"}],"replies":[{"embeddable":true,"href":"https:\/\/www.bbmpackaging.com\/es\/wp-json\/wp\/v2\/comments?post=34128"}],"version-history":[{"count":1,"href":"https:\/\/www.bbmpackaging.com\/es\/wp-json\/wp\/v2\/posts\/34128\/revisions"}],"predecessor-version":[{"id":48271,"href":"https:\/\/www.bbmpackaging.com\/es\/wp-json\/wp\/v2\/posts\/34128\/revisions\/48271"}],"wp:featuredmedia":[{"embeddable":true,"href":"https:\/\/www.bbmpackaging.com\/es\/wp-json\/wp\/v2\/media\/34108"}],"wp:attachment":[{"href":"https:\/\/www.bbmpackaging.com\/es\/wp-json\/wp\/v2\/media?parent=34128"}],"wp:term":[{"taxonomy":"category","embeddable":true,"href":"https:\/\/www.bbmpackaging.com\/es\/wp-json\/wp\/v2\/categories?post=34128"},{"taxonomy":"post_tag","embeddable":true,"href":"https:\/\/www.bbmpackaging.com\/es\/wp-json\/wp\/v2\/tags?post=34128"}],"curies":[{"name":"wp","href":"https:\/\/api.w.org\/{rel}","templated":true}]}}