{"id":50992,"date":"2025-04-14T16:57:36","date_gmt":"2025-04-14T14:57:36","guid":{"rendered":"https:\/\/www.bbmpackaging.com\/?p=50992"},"modified":"2025-07-14T16:44:53","modified_gmt":"2025-07-14T14:44:53","slug":"bbm-packaging-en-drinktec-2025","status":"publish","type":"post","link":"https:\/\/www.bbmpackaging.com\/es\/bbm-packaging-drinktec-2025\/","title":{"rendered":"BBM Packaging en Drinktec 2025"},"content":{"rendered":"<h2><strong>BBM participar\u00e1 como expositor en Drinktec 2025<\/strong><\/h2>\n<p>BBM Packaging est\u00e1 encantado de anunciar su participaci\u00f3n como expositor en la <a href=\"https:\/\/drinktec.com\/en-US\/home\/\" target=\"_blank\" rel=\"noopener\"><strong>Drinktec<\/strong><\/a> 2025, el principal evento internacional dedicado a las tecnolog\u00edas para las bebidas y alimentos l\u00edquidos. La feria se celebrar\u00e1 del 15 al 19 de septiembre en M\u00fanich, en el centro de exposiciones Messe M\u00fcnchen, y representa un referente para la industria del embotellado y el envasado.<\/p>\n<h3><strong>Drinktec: la vitrina global para el sector de bebidas<\/strong><\/h3>\n<p>Cada cuatro a\u00f1os, Drinktec acoge a profesionales, empresas e innovadores de todo el mundo para presentar las \u00faltimas tendencias y soluciones tecnol\u00f3gicas para la producci\u00f3n, el llenado, el envasado y la distribuci\u00f3n de bebidas y productos alimenticios l\u00edquidos. El evento cubre una amplia gama de temas, desde la digitalizaci\u00f3n de los procesos productivos hasta las tecnolog\u00edas de automatizaci\u00f3n, la eficiencia energ\u00e9tica y la sostenibilidad. La feria es el lugar ideal para explorar nuevas oportunidades de negocio, establecer alianzas estrat\u00e9gicas y comparar con los principales actores del sector.<\/p>\n<p>El tema principal de Drinktec 2025 ser\u00e1 \u00abCircularidad y Gesti\u00f3n de Recursos\u00bb, con un enfoque en el uso eficiente de los recursos a lo largo de toda la cadena de producci\u00f3n. El evento destacar\u00e1:<\/p>\n<ul>\n<li>El uso de materias primas de fuentes biol\u00f3gicas para reducir el impacto ambiental de la producci\u00f3n.<\/li>\n<li>Soluciones circulares que optimizan cada etapa de los procesos en la industria de bebidas y alimentos l\u00edquidos.<\/li>\n<li>Tecnolog\u00edas avanzadas para el reciclaje de materiales residuales, promoviendo una producci\u00f3n sostenible.<\/li>\n<li>Sistemas innovadores para la gesti\u00f3n responsable del agua en los procesos industriales.<\/li>\n<\/ul>\n<h4><strong>D\u00f3nde encontrarnos: Pabell\u00f3n A6, Stand 539<\/strong><\/h4>\n<p>BBM Packaging estar\u00e1 presente en el Pabell\u00f3n A6, Stand 539, con un espacio de exposici\u00f3n dise\u00f1ado para recibir a clientes, socios y visitantes interesados en nuestras soluciones. Nuestro equipo de expertos estar\u00e1 disponible para ofrecer asesor\u00edas personalizadas e ilustrar nuestras propuestas para una industria m\u00e1s eficiente y sostenible.<br \/>\nNuestro stand ser\u00e1 un verdadero centro de innovaci\u00f3n, con t\u00f3tems interactivos y pantallas dedicadas a nuestros servicios: desde la venta de maquinaria usada revisada hasta el suministro de repuestos compatibles, pasando por la consultor\u00eda t\u00e9cnica para optimizar las instalaciones de embotellado. Se dedicar\u00e1 una atenci\u00f3n especial a nuestra visi\u00f3n de econom\u00eda circular, en la que el reutilizo y reacondicionamiento de las m\u00e1quinas juegan un papel clave en la reducci\u00f3n del impacto ambiental.<\/p>\n<h3><strong>Reserva tu entrada gratuita y mantente informado<\/strong><\/h3>\n<p>Para facilitar la visita de nuestros clientes y socios, BBM Packaging ofrece un cup\u00f3n para el acceso gratuito a la feria. Al completar el formulario de registro en nuestro sitio web, ser\u00e1 posible recibir la entrada sin costos adicionales.<\/p>\n<p>En los pr\u00f3ximos meses, tambi\u00e9n ser\u00e1 posible reservar una reuni\u00f3n con nuestro equipo comercial para fijar una cita en la feria. Ser\u00e1 una oportunidad \u00fanica para discutir las necesidades de tu instalaci\u00f3n y encontrar juntos las soluciones m\u00e1s adecuadas a tus necesidades.<\/p>\n<h4><strong>Obt\u00e9n tu cup\u00f3n gratuito para Drinktec<\/strong><\/h4>\n<div class=\"frm_forms  with_frm_style frm_style_bbm-style\" id=\"frm_form_9_container\" data-token=\"d8854b64fc2cabad035fb09760fa3320\">\n<form enctype=\"multipart\/form-data\" method=\"post\" class=\"frm-show-form  frm_js_validate  frm_ajax_submit  frm_pro_form \" id=\"form_drinktec-2025-biglietti\" data-token=\"d8854b64fc2cabad035fb09760fa3320\">\n<div class=\"frm_form_fields \">\n<fieldset>\n<legend class=\"frm_screen_reader\">Solicita tu voucher<\/legend>\r\n\r\n<div class=\"frm_fields_container\">\n<input type=\"hidden\" name=\"frm_action\" value=\"create\" \/>\n<input type=\"hidden\" name=\"form_id\" value=\"9\" \/>\n<input type=\"hidden\" name=\"frm_hide_fields_9\" id=\"frm_hide_fields_9\" value=\"\" \/>\n<input type=\"hidden\" name=\"form_key\" value=\"drinktec-2025-biglietti\" \/>\n<input type=\"hidden\" name=\"item_meta[0]\" value=\"\" \/>\n<input type=\"hidden\" id=\"frm_submit_entry_9\" name=\"frm_submit_entry_9\" value=\"154030bacc\" \/><input type=\"hidden\" name=\"_wp_http_referer\" value=\"\/es\/wp-json\/wp\/v2\/posts\/50992\" \/><div id=\"frm_field_115_container\" class=\"frm_form_field form-field  frm_required_field frm_top_container frm6 frm_first\">\r\n\t<label for=\"field_xyjwv333\" id=\"field_xyjwv333_label\" class=\"frm_primary_label\">Nombre\r\n\t\t<span class=\"frm_required\" aria-hidden=\"true\">*<\/span>\r\n\t<\/label>\r\n\t<input  type=\"text\" id=\"field_xyjwv333\" name=\"item_meta[115]\" value=\"\"  data-reqmsg=\"El campo Nombre es obligatorio.\" aria-required=\"true\" data-invmsg=\"El campo Nombre debe contener un n\u00famero existente.\" aria-invalid=\"false\"   \/>\r\n\t\r\n\t\r\n<\/div>\n<div id=\"frm_field_116_container\" class=\"frm_form_field form-field  frm_required_field frm_top_container frm6\">\r\n\t<label for=\"field_e3vr8333\" id=\"field_e3vr8333_label\" class=\"frm_primary_label\">Apellido\r\n\t\t<span class=\"frm_required\" aria-hidden=\"true\">*<\/span>\r\n\t<\/label>\r\n\t<input  type=\"text\" id=\"field_e3vr8333\" name=\"item_meta[116]\" value=\"\"  data-reqmsg=\"El campo Apellido es obligatorio.\" aria-required=\"true\" data-invmsg=\"El campo Apellido debe contener un n\u00famero existente.\" aria-invalid=\"false\"   \/>\r\n\t\r\n\t\r\n<\/div>\n<div id=\"frm_field_117_container\" class=\"frm_form_field form-field  frm_required_field frm_top_container frm6 frm_first\">\r\n\t<label for=\"field_81bzx333\" id=\"field_81bzx333_label\" class=\"frm_primary_label\">Nombre de empresa\r\n\t\t<span class=\"frm_required\" aria-hidden=\"true\">*<\/span>\r\n\t<\/label>\r\n\t<input  type=\"text\" id=\"field_81bzx333\" name=\"item_meta[117]\" value=\"\"  data-reqmsg=\"El campo Nombre de empresa es obligatorio.\" aria-required=\"true\" data-invmsg=\"Nombre de empresa no es v\u00e1lido.\" aria-invalid=\"false\"   \/>\r\n\t\r\n\t\r\n<\/div>\n<div id=\"frm_field_118_container\" class=\"frm_form_field form-field  frm_required_field frm_top_container frm6\">\r\n\t<label for=\"field_sxh0x2\" id=\"field_sxh0x2_label\" class=\"frm_primary_label\">Pa\u00eds\r\n\t\t<span class=\"frm_required\" aria-hidden=\"true\">*<\/span>\r\n\t<\/label>\r\n\t<input  type=\"text\" id=\"field_sxh0x2\" name=\"item_meta[118]\" value=\"\"  data-reqmsg=\"El campo Pa\u00eds es obligatorio.\" aria-required=\"true\" data-invmsg=\"Pa\u00eds no es v\u00e1lido.\" aria-invalid=\"false\"   \/>\r\n\t\r\n\t\r\n<\/div>\n<div id=\"frm_field_119_container\" class=\"frm_form_field form-field  frm_required_field frm_top_container frm6 frm_first\">\r\n\t<label for=\"field_9njku333\" id=\"field_9njku333_label\" class=\"frm_primary_label\">Correo electr\u00f3nico\r\n\t\t<span class=\"frm_required\" aria-hidden=\"true\">*<\/span>\r\n\t<\/label>\r\n\t<input type=\"email\" id=\"field_9njku333\" name=\"item_meta[119]\" value=\"\"  autocomplete=\"email\"  data-reqmsg=\"El campo Correo electr\u00f3nico es obligatorio.\" aria-required=\"true\" data-invmsg=\"Correo electr\u00f3nico debe contener un correo electr\u00f3nico existente.\" aria-invalid=\"false\"  \/>\r\n\t\r\n\t\r\n<\/div>\n<div id=\"frm_field_120_container\" class=\"frm_form_field form-field  frm_required_field frm_top_container frm6\">\r\n\t<label for=\"field_4zf91333\" id=\"field_4zf91333_label\" class=\"frm_primary_label\">Tel\u00e9fono\r\n\t\t<span class=\"frm_required\" aria-hidden=\"true\">*<\/span>\r\n\t<\/label>\r\n\t<input  type=\"text\" id=\"field_4zf91333\" name=\"item_meta[120]\" value=\"\"  data-reqmsg=\"El campo Tel\u00e9fono es obligatorio.\" aria-required=\"true\" data-invmsg=\"El campo Tel\u00e9fono debe contener un n\u00famero existente.\" aria-invalid=\"false\"   \/>\r\n\t\r\n\t\r\n<\/div>\n<div id=\"frm_field_121_container\" class=\"frm_form_field form-field  frm_required_field frm_top_container frm12 frm_first\">\r\n\t<label for=\"field_1mkdk32\" id=\"field_1mkdk32_label\" class=\"frm_primary_label\">Tipo\r\n\t\t<span class=\"frm_required\" aria-hidden=\"true\">*<\/span>\r\n\t<\/label>\r\n\t\t\t<select name=\"item_meta[121]\" id=\"field_1mkdk32\"  data-frmval=\"Utente Finale\" data-reqmsg=\"El campo Tipo es obligatorio.\" aria-required=\"true\" data-invmsg=\"Tipo no es v\u00e1lido\" aria-invalid=\"false\"  >\n\t\t<option  value=\"Utente Finale\" selected='selected'>Usuario final<\/option><option  value=\"Intermediario\">Intermediario<\/option>\t<\/select>\n\t\r\n\t\r\n\t\r\n<\/div>\n<div id=\"frm_field_122_container\" class=\"frm_form_field form-field  frm_top_container\">\r\n\t<label for=\"field_gr0hu333\" id=\"field_gr0hu333_label\" class=\"frm_primary_label\">Mensaje\r\n\t\t<span class=\"frm_required\" aria-hidden=\"true\"><\/span>\r\n\t<\/label>\r\n\t<textarea name=\"item_meta[122]\" id=\"field_gr0hu333\" rows=\"5\"  data-invmsg=\"Mensaje no es v\u00e1lido.\" aria-invalid=\"false\"  ><\/textarea>\r\n\t\r\n\t\r\n<\/div>\n<div id=\"frm_field_123_container\" class=\"frm_form_field form-field  frm_required_field frm_none_container vertical_radio\">\r\n\t<div  id=\"field_cs2h4333_label\" class=\"frm_primary_label\">Pol\u00edtica de Privacidad\r\n\t\t<span class=\"frm_required\" aria-hidden=\"true\">*<\/span>\r\n\t<\/div>\r\n\t<div class=\"frm_opt_container\" aria-labelledby=\"field_cs2h4333_label\" role=\"group\">\t\t<div class=\"frm_checkbox\" id=\"frm_checkbox_123-0\">\t\t\t<label  for=\"field_cs2h4333-0\">\n\t\t\t<input type=\"checkbox\" name=\"item_meta[123][]\" id=\"field_cs2h4333-0\" value=\"Avendo letto l&#039;&lt;a href=&quot;https:\/\/www.iubenda.com\/privacy-policy\/51487652\/full-legal&quot; target=&quot;_blank&quot;&gt;Informativa privacy&lt;\/a&gt;, acconsento BBM Service S.r.l. all&#039;uso dei miei dati personali.\"  data-reqmsg=\"Es necesario aceptar el Pol\u00edtica de Privacidad\" data-invmsg=\"Pol\u00edtica de Privacidad no es v\u00e1lido\"   aria-required=\"true\"  \/> Habiendo le\u00eddo la <a href=\"https:\/\/www.iubenda.com\/privacy-policy\/62397761\/full-legal\" target=\"_blank\">Pol\u00edtica de Privacidad<\/a>, consiento que BBM Service S.r.l. utilice mis datos personales.<\/label><\/div>\n<\/div>\r\n\t\r\n\t\r\n<\/div>\n<div id=\"frm_field_124_container\" class=\"frm_form_field form-field  frm_none_container vertical_radio\">\r\n\t<div  id=\"field_l1s5e333_label\" class=\"frm_primary_label\">Marketing\r\n\t\t<span class=\"frm_required\" aria-hidden=\"true\"><\/span>\r\n\t<\/div>\r\n\t<div class=\"frm_opt_container\" aria-labelledby=\"field_l1s5e333_label\" role=\"group\">\t\t<div class=\"frm_checkbox\" id=\"frm_checkbox_124-0\">\t\t\t<label  for=\"field_l1s5e333-0\">\n\t\t\t<input type=\"checkbox\" name=\"item_meta[124][]\" id=\"field_l1s5e333-0\" value=\"Iscrivimi alla Newsletter\"  data-invmsg=\"Marketing no es v\u00e1lido\"   \/> Suscr\u00edbeme al bolet\u00edn<\/label><\/div>\n<\/div>\r\n\t\r\n\t\r\n<\/div>\n<input type=\"hidden\" name=\"item_meta[125]\" id=\"field_qq4nx333\" value=\"es\"  data-frmval=\"es\"   \/>\n<input type=\"hidden\" name=\"item_meta[126]\" id=\"field_oyobi333\" value=\"https:\/\/www.bbmpackaging.com\/es\/wp-json\/wp\/v2\/posts\/50992\"  data-frmval=\"https:\/\/www.bbmpackaging.com\/es\/wp-json\/wp\/v2\/posts\/50992\"   \/>\n<div id=\"frm_field_127_container\" class=\"frm_form_field form-field  frm_none_container\">\r\n\t<label for=\"cf-turnstile-response\" id=\"field_n4te9333_label\" class=\"frm_primary_label\">Captcha\r\n\t\t<span class=\"frm_required\" aria-hidden=\"true\"><\/span>\r\n\t<\/label>\r\n\t<div  id=\"field_n4te9333\" class=\"frm-cf-turnstile\" data-sitekey=\"0x4AAAAAABATEuT_f_y2-QjY\" data-language=\"es\" data-size=\"normal\" data-theme=\"light\"><\/div>\r\n\t\r\n\t\r\n<\/div>\n<div id=\"frm_field_128_container\" class=\"frm_form_field form-field \">\r\n\t<div class=\"frm_submit frm_flex\">\r\n<button class=\"frm_button_submit frm_final_submit\" type=\"submit\"   formnovalidate=\"formnovalidate\">Enviar<\/button>\r\n\r\n\r\n\r\n<\/div>\r\n<\/div>\n\t<input type=\"hidden\" name=\"item_key\" value=\"\" \/>\n\t\t\t<div id=\"frm_field_214_container\">\n\t\t\t<label for=\"field_imr5p\" >\n\t\t\t\tSi eres humano, deja este campo en blanco.\t\t\t<\/label>\n\t\t\t<input  id=\"field_imr5p\" type=\"text\" class=\"frm_form_field form-field frm_verify\" name=\"item_meta[214]\" value=\"\"  \/>\n\t\t<\/div>\n\t\t<input name=\"frm_state\" type=\"hidden\" value=\"WXIjVdDWEVLr2V3R9M48CgCFGJuVz94+IdknAcd1Rly+23E0H54utrYQA\/TcASZx9zuEbh5GgRE1ZZR+1IXRdg==\" \/><\/div>\n<\/fieldset>\n<\/div>\n\n<p style=\"display: none !important;\" class=\"akismet-fields-container\" data-prefix=\"ak_\"><label>&#916;<textarea name=\"ak_hp_textarea\" cols=\"45\" rows=\"8\" maxlength=\"100\"><\/textarea><\/label><input type=\"hidden\" id=\"ak_js_1\" name=\"ak_js\" value=\"134\"\/><script>document.getElementById( \"ak_js_1\" ).setAttribute( \"value\", ( new Date() ).getTime() );<\/script><\/p><\/form>\n<\/div>\n\n<h4><strong>C\u00f3mo llegar a Drinktec<\/strong><\/h4>\n<p>La feria se celebra en Messe M\u00fcnchen, de f\u00e1cil acceso tanto para quienes lleguen en coche como para los que utilicen el transporte p\u00fablico. El aeropuerto internacional de M\u00fanich ofrece conexiones directas con el metro S-Bahn, mientras que el centro de exposiciones est\u00e1 a pocos minutos gracias a la l\u00ednea U2 del metro, con parada en la estaci\u00f3n \u00abMessestadt Ost\u00bb.<br \/>\nNo pierdas la oportunidad de descubrir las innovaciones de BBM Packaging y de intercambiar ideas con nuestros expertos. \u00a1Te esperamos en Drinktec 2025!<\/p>\n<p>&nbsp;<\/p>\n","protected":false},"excerpt":{"rendered":"<p>BBM participar\u00e1 como expositor en Drinktec 2025 BBM Packaging est\u00e1 encantado de anunciar su participaci\u00f3n como expositor en&#8230;<\/p>\n","protected":false},"author":2,"featured_media":50229,"comment_status":"closed","ping_status":"closed","sticky":false,"template":"","format":"standard","meta":{"_acf_changed":false,"footnotes":""},"categories":[4],"tags":[3056],"class_list":["post-50992","post","type-post","status-publish","format-standard","has-post-thumbnail","hentry","category-noticias","tag-company-es"],"acf":[],"yoast_head":"<!-- This site is optimized with the Yoast SEO plugin v27.2 - https:\/\/yoast.com\/product\/yoast-seo-wordpress\/ -->\n<title>BBM Packaging en Drinktec 2025 - BBM Packaging<\/title>\n<meta name=\"description\" content=\"BBM estar\u00e1 presente en Drinktec 2025 en M\u00fanich. Descubre nuestras soluciones en el Pabell\u00f3n A6, Stand 539. \u00a1Reserva tu entrada gratuita!\" \/>\n<meta name=\"robots\" content=\"index, follow, max-snippet:-1, max-image-preview:large, max-video-preview:-1\" \/>\n<link rel=\"canonical\" href=\"https:\/\/www.bbmpackaging.com\/es\/bbm-packaging-drinktec-2025\/\" \/>\n<meta property=\"og:locale\" content=\"es_ES\" \/>\n<meta property=\"og:type\" content=\"article\" \/>\n<meta property=\"og:title\" content=\"BBM Packaging en Drinktec 2025 - BBM Packaging\" \/>\n<meta property=\"og:description\" content=\"BBM estar\u00e1 presente en Drinktec 2025 en M\u00fanich. Descubre nuestras soluciones en el Pabell\u00f3n A6, Stand 539. \u00a1Reserva tu entrada gratuita!\" \/>\n<meta property=\"og:url\" content=\"https:\/\/www.bbmpackaging.com\/es\/bbm-packaging-drinktec-2025\/\" \/>\n<meta property=\"og:site_name\" content=\"BBM Packaging\" \/>\n<meta property=\"article:published_time\" content=\"2025-04-14T14:57:36+00:00\" \/>\n<meta property=\"article:modified_time\" content=\"2025-07-14T14:44:53+00:00\" \/>\n<meta property=\"og:image\" content=\"https:\/\/cdn.bbmpackaging.com\/wp-content\/uploads\/2025\/03\/BBM-Packaging-partecipera-Drinktec.jpg\" \/>\n\t<meta property=\"og:image:width\" content=\"1023\" \/>\n\t<meta property=\"og:image:height\" content=\"768\" \/>\n\t<meta property=\"og:image:type\" content=\"image\/jpeg\" \/>\n<meta name=\"author\" content=\"laura.covelli@bbmpackaging.com\" \/>\n<meta name=\"twitter:card\" content=\"summary_large_image\" \/>\n<meta name=\"twitter:label1\" content=\"Escrito por\" \/>\n\t<meta name=\"twitter:data1\" content=\"laura.covelli@bbmpackaging.com\" \/>\n\t<meta name=\"twitter:label2\" content=\"Tiempo de lectura\" \/>\n\t<meta name=\"twitter:data2\" content=\"4 minutos\" \/>\n<script type=\"application\/ld+json\" class=\"yoast-schema-graph\">{\"@context\":\"https:\/\/schema.org\",\"@graph\":[{\"@type\":\"Article\",\"@id\":\"https:\/\/www.bbmpackaging.com\/es\/bbm-packaging-drinktec-2025\/#article\",\"isPartOf\":{\"@id\":\"https:\/\/www.bbmpackaging.com\/es\/bbm-packaging-drinktec-2025\/\"},\"author\":{\"name\":\"laura.covelli@bbmpackaging.com\",\"@id\":\"https:\/\/www.bbmpackaging.com\/es\/#\/schema\/person\/eebb212853e6e3b9b8b47aea538c6209\"},\"headline\":\"BBM Packaging en Drinktec 2025\",\"datePublished\":\"2025-04-14T14:57:36+00:00\",\"dateModified\":\"2025-07-14T14:44:53+00:00\",\"mainEntityOfPage\":{\"@id\":\"https:\/\/www.bbmpackaging.com\/es\/bbm-packaging-drinktec-2025\/\"},\"wordCount\":619,\"image\":{\"@id\":\"https:\/\/www.bbmpackaging.com\/es\/bbm-packaging-drinktec-2025\/#primaryimage\"},\"thumbnailUrl\":\"https:\/\/cdn.bbmpackaging.com\/wp-content\/uploads\/2025\/03\/BBM-Packaging-partecipera-Drinktec.jpg\",\"keywords\":[\"COMPANY\"],\"articleSection\":[\"Noticias\"],\"inLanguage\":\"es\"},{\"@type\":\"WebPage\",\"@id\":\"https:\/\/www.bbmpackaging.com\/es\/bbm-packaging-drinktec-2025\/\",\"url\":\"https:\/\/www.bbmpackaging.com\/es\/bbm-packaging-drinktec-2025\/\",\"name\":\"BBM Packaging en Drinktec 2025 - BBM Packaging\",\"isPartOf\":{\"@id\":\"https:\/\/www.bbmpackaging.com\/es\/#website\"},\"primaryImageOfPage\":{\"@id\":\"https:\/\/www.bbmpackaging.com\/es\/bbm-packaging-drinktec-2025\/#primaryimage\"},\"image\":{\"@id\":\"https:\/\/www.bbmpackaging.com\/es\/bbm-packaging-drinktec-2025\/#primaryimage\"},\"thumbnailUrl\":\"https:\/\/cdn.bbmpackaging.com\/wp-content\/uploads\/2025\/03\/BBM-Packaging-partecipera-Drinktec.jpg\",\"datePublished\":\"2025-04-14T14:57:36+00:00\",\"dateModified\":\"2025-07-14T14:44:53+00:00\",\"author\":{\"@id\":\"https:\/\/www.bbmpackaging.com\/es\/#\/schema\/person\/eebb212853e6e3b9b8b47aea538c6209\"},\"description\":\"BBM estar\u00e1 presente en Drinktec 2025 en M\u00fanich. Descubre nuestras soluciones en el Pabell\u00f3n A6, Stand 539. \u00a1Reserva tu entrada gratuita!\",\"breadcrumb\":{\"@id\":\"https:\/\/www.bbmpackaging.com\/es\/bbm-packaging-drinktec-2025\/#breadcrumb\"},\"inLanguage\":\"es\",\"potentialAction\":[{\"@type\":\"ReadAction\",\"target\":[\"https:\/\/www.bbmpackaging.com\/es\/bbm-packaging-drinktec-2025\/\"]}]},{\"@type\":\"ImageObject\",\"inLanguage\":\"es\",\"@id\":\"https:\/\/www.bbmpackaging.com\/es\/bbm-packaging-drinktec-2025\/#primaryimage\",\"url\":\"https:\/\/cdn.bbmpackaging.com\/wp-content\/uploads\/2025\/03\/BBM-Packaging-partecipera-Drinktec.jpg\",\"contentUrl\":\"https:\/\/cdn.bbmpackaging.com\/wp-content\/uploads\/2025\/03\/BBM-Packaging-partecipera-Drinktec.jpg\",\"width\":1023,\"height\":768,\"caption\":\"Grow with the flow, Messe M\u00fcnchen International, M\u00fcnchen, Weltleitmesse f\u00fcr die Getr\u00e4nke- und Liquid-Food-Industrie, drinktec 2022\"},{\"@type\":\"BreadcrumbList\",\"@id\":\"https:\/\/www.bbmpackaging.com\/es\/bbm-packaging-drinktec-2025\/#breadcrumb\",\"itemListElement\":[{\"@type\":\"ListItem\",\"position\":1,\"name\":\"Home\",\"item\":\"https:\/\/www.bbmpackaging.com\/es\/\"},{\"@type\":\"ListItem\",\"position\":2,\"name\":\"BBM Packaging en Drinktec 2025\"}]},{\"@type\":\"WebSite\",\"@id\":\"https:\/\/www.bbmpackaging.com\/es\/#website\",\"url\":\"https:\/\/www.bbmpackaging.com\/es\/\",\"name\":\"BBM Packaging\",\"description\":\"Imbottigliamento: macchinari manutenzione e much more\",\"potentialAction\":[{\"@type\":\"SearchAction\",\"target\":{\"@type\":\"EntryPoint\",\"urlTemplate\":\"https:\/\/www.bbmpackaging.com\/es\/?s={search_term_string}\"},\"query-input\":{\"@type\":\"PropertyValueSpecification\",\"valueRequired\":true,\"valueName\":\"search_term_string\"}}],\"inLanguage\":\"es\"},{\"@type\":\"Person\",\"@id\":\"https:\/\/www.bbmpackaging.com\/es\/#\/schema\/person\/eebb212853e6e3b9b8b47aea538c6209\",\"name\":\"laura.covelli@bbmpackaging.com\",\"url\":\"https:\/\/www.bbmpackaging.com\/es\/author\/laura-cavagna\/\"}]}<\/script>\n<!-- \/ Yoast SEO plugin. -->","yoast_head_json":{"title":"BBM Packaging en Drinktec 2025 - BBM Packaging","description":"BBM estar\u00e1 presente en Drinktec 2025 en M\u00fanich. Descubre nuestras soluciones en el Pabell\u00f3n A6, Stand 539. \u00a1Reserva tu entrada gratuita!","robots":{"index":"index","follow":"follow","max-snippet":"max-snippet:-1","max-image-preview":"max-image-preview:large","max-video-preview":"max-video-preview:-1"},"canonical":"https:\/\/www.bbmpackaging.com\/es\/bbm-packaging-drinktec-2025\/","og_locale":"es_ES","og_type":"article","og_title":"BBM Packaging en Drinktec 2025 - BBM Packaging","og_description":"BBM estar\u00e1 presente en Drinktec 2025 en M\u00fanich. Descubre nuestras soluciones en el Pabell\u00f3n A6, Stand 539. \u00a1Reserva tu entrada gratuita!","og_url":"https:\/\/www.bbmpackaging.com\/es\/bbm-packaging-drinktec-2025\/","og_site_name":"BBM Packaging","article_published_time":"2025-04-14T14:57:36+00:00","article_modified_time":"2025-07-14T14:44:53+00:00","og_image":[{"width":1023,"height":768,"url":"https:\/\/cdn.bbmpackaging.com\/wp-content\/uploads\/2025\/03\/BBM-Packaging-partecipera-Drinktec.jpg","type":"image\/jpeg"}],"author":"laura.covelli@bbmpackaging.com","twitter_card":"summary_large_image","twitter_misc":{"Escrito por":"laura.covelli@bbmpackaging.com","Tiempo de lectura":"4 minutos"},"schema":{"@context":"https:\/\/schema.org","@graph":[{"@type":"Article","@id":"https:\/\/www.bbmpackaging.com\/es\/bbm-packaging-drinktec-2025\/#article","isPartOf":{"@id":"https:\/\/www.bbmpackaging.com\/es\/bbm-packaging-drinktec-2025\/"},"author":{"name":"laura.covelli@bbmpackaging.com","@id":"https:\/\/www.bbmpackaging.com\/es\/#\/schema\/person\/eebb212853e6e3b9b8b47aea538c6209"},"headline":"BBM Packaging en Drinktec 2025","datePublished":"2025-04-14T14:57:36+00:00","dateModified":"2025-07-14T14:44:53+00:00","mainEntityOfPage":{"@id":"https:\/\/www.bbmpackaging.com\/es\/bbm-packaging-drinktec-2025\/"},"wordCount":619,"image":{"@id":"https:\/\/www.bbmpackaging.com\/es\/bbm-packaging-drinktec-2025\/#primaryimage"},"thumbnailUrl":"https:\/\/cdn.bbmpackaging.com\/wp-content\/uploads\/2025\/03\/BBM-Packaging-partecipera-Drinktec.jpg","keywords":["COMPANY"],"articleSection":["Noticias"],"inLanguage":"es"},{"@type":"WebPage","@id":"https:\/\/www.bbmpackaging.com\/es\/bbm-packaging-drinktec-2025\/","url":"https:\/\/www.bbmpackaging.com\/es\/bbm-packaging-drinktec-2025\/","name":"BBM Packaging en Drinktec 2025 - BBM Packaging","isPartOf":{"@id":"https:\/\/www.bbmpackaging.com\/es\/#website"},"primaryImageOfPage":{"@id":"https:\/\/www.bbmpackaging.com\/es\/bbm-packaging-drinktec-2025\/#primaryimage"},"image":{"@id":"https:\/\/www.bbmpackaging.com\/es\/bbm-packaging-drinktec-2025\/#primaryimage"},"thumbnailUrl":"https:\/\/cdn.bbmpackaging.com\/wp-content\/uploads\/2025\/03\/BBM-Packaging-partecipera-Drinktec.jpg","datePublished":"2025-04-14T14:57:36+00:00","dateModified":"2025-07-14T14:44:53+00:00","author":{"@id":"https:\/\/www.bbmpackaging.com\/es\/#\/schema\/person\/eebb212853e6e3b9b8b47aea538c6209"},"description":"BBM estar\u00e1 presente en Drinktec 2025 en M\u00fanich. Descubre nuestras soluciones en el Pabell\u00f3n A6, Stand 539. \u00a1Reserva tu entrada gratuita!","breadcrumb":{"@id":"https:\/\/www.bbmpackaging.com\/es\/bbm-packaging-drinktec-2025\/#breadcrumb"},"inLanguage":"es","potentialAction":[{"@type":"ReadAction","target":["https:\/\/www.bbmpackaging.com\/es\/bbm-packaging-drinktec-2025\/"]}]},{"@type":"ImageObject","inLanguage":"es","@id":"https:\/\/www.bbmpackaging.com\/es\/bbm-packaging-drinktec-2025\/#primaryimage","url":"https:\/\/cdn.bbmpackaging.com\/wp-content\/uploads\/2025\/03\/BBM-Packaging-partecipera-Drinktec.jpg","contentUrl":"https:\/\/cdn.bbmpackaging.com\/wp-content\/uploads\/2025\/03\/BBM-Packaging-partecipera-Drinktec.jpg","width":1023,"height":768,"caption":"Grow with the flow, Messe M\u00fcnchen International, M\u00fcnchen, Weltleitmesse f\u00fcr die Getr\u00e4nke- und Liquid-Food-Industrie, drinktec 2022"},{"@type":"BreadcrumbList","@id":"https:\/\/www.bbmpackaging.com\/es\/bbm-packaging-drinktec-2025\/#breadcrumb","itemListElement":[{"@type":"ListItem","position":1,"name":"Home","item":"https:\/\/www.bbmpackaging.com\/es\/"},{"@type":"ListItem","position":2,"name":"BBM Packaging en Drinktec 2025"}]},{"@type":"WebSite","@id":"https:\/\/www.bbmpackaging.com\/es\/#website","url":"https:\/\/www.bbmpackaging.com\/es\/","name":"BBM Packaging","description":"Imbottigliamento: macchinari manutenzione e much more","potentialAction":[{"@type":"SearchAction","target":{"@type":"EntryPoint","urlTemplate":"https:\/\/www.bbmpackaging.com\/es\/?s={search_term_string}"},"query-input":{"@type":"PropertyValueSpecification","valueRequired":true,"valueName":"search_term_string"}}],"inLanguage":"es"},{"@type":"Person","@id":"https:\/\/www.bbmpackaging.com\/es\/#\/schema\/person\/eebb212853e6e3b9b8b47aea538c6209","name":"laura.covelli@bbmpackaging.com","url":"https:\/\/www.bbmpackaging.com\/es\/author\/laura-cavagna\/"}]}},"_links":{"self":[{"href":"https:\/\/www.bbmpackaging.com\/es\/wp-json\/wp\/v2\/posts\/50992","targetHints":{"allow":["GET"]}}],"collection":[{"href":"https:\/\/www.bbmpackaging.com\/es\/wp-json\/wp\/v2\/posts"}],"about":[{"href":"https:\/\/www.bbmpackaging.com\/es\/wp-json\/wp\/v2\/types\/post"}],"author":[{"embeddable":true,"href":"https:\/\/www.bbmpackaging.com\/es\/wp-json\/wp\/v2\/users\/2"}],"replies":[{"embeddable":true,"href":"https:\/\/www.bbmpackaging.com\/es\/wp-json\/wp\/v2\/comments?post=50992"}],"version-history":[{"count":4,"href":"https:\/\/www.bbmpackaging.com\/es\/wp-json\/wp\/v2\/posts\/50992\/revisions"}],"predecessor-version":[{"id":51001,"href":"https:\/\/www.bbmpackaging.com\/es\/wp-json\/wp\/v2\/posts\/50992\/revisions\/51001"}],"wp:featuredmedia":[{"embeddable":true,"href":"https:\/\/www.bbmpackaging.com\/es\/wp-json\/wp\/v2\/media\/50229"}],"wp:attachment":[{"href":"https:\/\/www.bbmpackaging.com\/es\/wp-json\/wp\/v2\/media?parent=50992"}],"wp:term":[{"taxonomy":"category","embeddable":true,"href":"https:\/\/www.bbmpackaging.com\/es\/wp-json\/wp\/v2\/categories?post=50992"},{"taxonomy":"post_tag","embeddable":true,"href":"https:\/\/www.bbmpackaging.com\/es\/wp-json\/wp\/v2\/tags?post=50992"}],"curies":[{"name":"wp","href":"https:\/\/api.w.org\/{rel}","templated":true}]}}